{"id":1368,"date":"2018-06-20T18:38:38","date_gmt":"2018-06-20T16:38:38","guid":{"rendered":"http:\/\/tps-trauma.org\/?page_id=1368"},"modified":"2018-10-21T15:57:01","modified_gmt":"2018-10-21T13:57:01","slug":"2016-1ere-formation-a-la-tps","status":"publish","type":"post","link":"https:\/\/tps-trauma.org\/index.php\/2018\/06\/20\/2016-1ere-formation-a-la-tps\/","title":{"rendered":"2016 &#8211; 1\u00e8re Formation \u00e0 la TPS"},"content":{"rendered":"<p style=\"text-align: center;\"><strong>LA R\u00c9UNION<\/strong><br \/>\n<strong>22 &#8211; 23 &#8211; 24 novembre 2016<\/strong><br \/>\n<strong>1\u00e8re formation \u00e0 la Th\u00e9rapie Psycho-Sensorielle (TPS)<br \/>\n<\/strong><\/p>\n<p style=\"text-align: justify;\">La premi\u00e8re formation pratique \u00e0 la <strong>T<\/strong>h\u00e9rapie <strong>P<\/strong>sycho-<strong>S<\/strong>ensorielle mise au point par le Dr Marie-Claude L\u00e9n\u00e8s, s&rsquo;est d\u00e9roul\u00e9e \u00e0 Saint Pierre de La R\u00e9union, pour 11 stagiaires ayant tous eu, au pr\u00e9alable, une formation au psychotrauma.<img data-recalc-dims=\"1\" loading=\"lazy\" decoding=\"async\" data-attachment-id=\"1369\" data-permalink=\"https:\/\/tps-trauma.org\/index.php\/2018\/06\/20\/2016-1ere-formation-a-la-tps\/compressee-2\/\" data-orig-file=\"https:\/\/i0.wp.com\/tps-trauma.org\/wp-content\/uploads\/2018\/06\/Compress%C3%A9e-2.jpg?fit=626%2C480&amp;ssl=1\" data-orig-size=\"626,480\" data-comments-opened=\"1\" data-image-meta=\"{&quot;aperture&quot;:&quot;4&quot;,&quot;credit&quot;:&quot;&quot;,&quot;camera&quot;:&quot;PENTAX K-r&quot;,&quot;caption&quot;:&quot;&quot;,&quot;created_timestamp&quot;:&quot;1479801013&quot;,&quot;copyright&quot;:&quot;&quot;,&quot;focal_length&quot;:&quot;18&quot;,&quot;iso&quot;:&quot;400&quot;,&quot;shutter_speed&quot;:&quot;0.025&quot;,&quot;title&quot;:&quot;&quot;,&quot;orientation&quot;:&quot;1&quot;}\" data-image-title=\"Compress\u00e9e 2\" data-image-description=\"\" data-image-caption=\"\" data-large-file=\"https:\/\/i0.wp.com\/tps-trauma.org\/wp-content\/uploads\/2018\/06\/Compress%C3%A9e-2.jpg?fit=525%2C403&amp;ssl=1\" class=\"aligncenter size-full wp-image-1369\" src=\"https:\/\/i0.wp.com\/tps-trauma.org\/wp-content\/uploads\/2018\/06\/Compress%C3%A9e-2.jpg?resize=525%2C403\" alt=\"\" width=\"525\" height=\"403\" srcset=\"https:\/\/i0.wp.com\/tps-trauma.org\/wp-content\/uploads\/2018\/06\/Compress%C3%A9e-2.jpg?w=626&amp;ssl=1 626w, https:\/\/i0.wp.com\/tps-trauma.org\/wp-content\/uploads\/2018\/06\/Compress%C3%A9e-2.jpg?resize=300%2C230&amp;ssl=1 300w\" sizes=\"auto, (max-width: 525px) 100vw, 525px\" \/><\/p>\n<p style=\"text-align: justify;\">Apr\u00e8s un bref rappel des connaissances acquises sur le psycho-trauma et pour que chacun parle bien le m\u00eame langage, la formation a surtout consist\u00e9 en visualisations et explications de cas film\u00e9s. Ces cas illustrant de fa\u00e7on claire et pr\u00e9cise la m\u00e9thode employ\u00e9e pour soigner les psycho-trauma en une, deux ou trois s\u00e9ances&#8230;<\/p>\n<p style=\"text-align: justify;\"><img data-recalc-dims=\"1\" loading=\"lazy\" decoding=\"async\" data-attachment-id=\"1370\" data-permalink=\"https:\/\/tps-trauma.org\/index.php\/2018\/06\/20\/2016-1ere-formation-a-la-tps\/compressee-3\/\" data-orig-file=\"https:\/\/i0.wp.com\/tps-trauma.org\/wp-content\/uploads\/2018\/06\/Compress%C3%A9e-3.jpg?fit=640%2C361&amp;ssl=1\" data-orig-size=\"640,361\" data-comments-opened=\"1\" data-image-meta=\"{&quot;aperture&quot;:&quot;4&quot;,&quot;credit&quot;:&quot;&quot;,&quot;camera&quot;:&quot;PENTAX K-r&quot;,&quot;caption&quot;:&quot;&quot;,&quot;created_timestamp&quot;:&quot;1479801038&quot;,&quot;copyright&quot;:&quot;&quot;,&quot;focal_length&quot;:&quot;12&quot;,&quot;iso&quot;:&quot;400&quot;,&quot;shutter_speed&quot;:&quot;0.033333333333333&quot;,&quot;title&quot;:&quot;&quot;,&quot;orientation&quot;:&quot;1&quot;}\" data-image-title=\"Compress\u00e9e 3\" data-image-description=\"\" data-image-caption=\"\" data-large-file=\"https:\/\/i0.wp.com\/tps-trauma.org\/wp-content\/uploads\/2018\/06\/Compress%C3%A9e-3.jpg?fit=525%2C296&amp;ssl=1\" class=\"aligncenter size-full wp-image-1370\" src=\"https:\/\/i0.wp.com\/tps-trauma.org\/wp-content\/uploads\/2018\/06\/Compress%C3%A9e-3.jpg?resize=525%2C296\" alt=\"\" width=\"525\" height=\"296\" srcset=\"https:\/\/i0.wp.com\/tps-trauma.org\/wp-content\/uploads\/2018\/06\/Compress%C3%A9e-3.jpg?w=640&amp;ssl=1 640w, https:\/\/i0.wp.com\/tps-trauma.org\/wp-content\/uploads\/2018\/06\/Compress%C3%A9e-3.jpg?resize=300%2C169&amp;ssl=1 300w\" sizes=\"auto, (max-width: 525px) 100vw, 525px\" \/><\/p>\n<p style=\"text-align: center;\">Apr\u00e8s ces trois journ\u00e9es bien remplies, les stagiaires sont aptes \u00e0 pratiquer la TPS<\/p>\n<p style=\"text-align: justify;\"><img data-recalc-dims=\"1\" loading=\"lazy\" decoding=\"async\" data-attachment-id=\"1371\" data-permalink=\"https:\/\/tps-trauma.org\/index.php\/2018\/06\/20\/2016-1ere-formation-a-la-tps\/imgp0335\/\" data-orig-file=\"https:\/\/i0.wp.com\/tps-trauma.org\/wp-content\/uploads\/2018\/06\/IMGP0335.jpg?fit=2235%2C1756&amp;ssl=1\" data-orig-size=\"2235,1756\" data-comments-opened=\"1\" data-image-meta=\"{&quot;aperture&quot;:&quot;4&quot;,&quot;credit&quot;:&quot;&quot;,&quot;camera&quot;:&quot;PENTAX K-r&quot;,&quot;caption&quot;:&quot;&quot;,&quot;created_timestamp&quot;:&quot;1479883069&quot;,&quot;copyright&quot;:&quot;&quot;,&quot;focal_length&quot;:&quot;12&quot;,&quot;iso&quot;:&quot;400&quot;,&quot;shutter_speed&quot;:&quot;0.04&quot;,&quot;title&quot;:&quot;&quot;,&quot;orientation&quot;:&quot;1&quot;}\" data-image-title=\"IMGP0335\" data-image-description=\"\" data-image-caption=\"\" data-large-file=\"https:\/\/i0.wp.com\/tps-trauma.org\/wp-content\/uploads\/2018\/06\/IMGP0335.jpg?fit=525%2C413&amp;ssl=1\" class=\"aligncenter size-full wp-image-1371\" src=\"https:\/\/i0.wp.com\/tps-trauma.org\/wp-content\/uploads\/2018\/06\/IMGP0335.jpg?resize=525%2C412\" alt=\"\" width=\"525\" height=\"412\" srcset=\"https:\/\/i0.wp.com\/tps-trauma.org\/wp-content\/uploads\/2018\/06\/IMGP0335.jpg?w=2235&amp;ssl=1 2235w, https:\/\/i0.wp.com\/tps-trauma.org\/wp-content\/uploads\/2018\/06\/IMGP0335.jpg?resize=300%2C236&amp;ssl=1 300w, https:\/\/i0.wp.com\/tps-trauma.org\/wp-content\/uploads\/2018\/06\/IMGP0335.jpg?resize=768%2C603&amp;ssl=1 768w, https:\/\/i0.wp.com\/tps-trauma.org\/wp-content\/uploads\/2018\/06\/IMGP0335.jpg?resize=1024%2C805&amp;ssl=1 1024w, https:\/\/i0.wp.com\/tps-trauma.org\/wp-content\/uploads\/2018\/06\/IMGP0335.jpg?w=1575&amp;ssl=1 1575w\" sizes=\"auto, (max-width: 767px) 89vw, (max-width: 1000px) 54vw, (max-width: 1071px) 543px, 580px\" \/><\/p>\n<p style=\"text-align: justify;\"><img data-recalc-dims=\"1\" loading=\"lazy\" decoding=\"async\" data-attachment-id=\"1372\" data-permalink=\"https:\/\/tps-trauma.org\/index.php\/2018\/06\/20\/2016-1ere-formation-a-la-tps\/imgp0336\/\" data-orig-file=\"https:\/\/i0.wp.com\/tps-trauma.org\/wp-content\/uploads\/2018\/06\/IMGP0336.jpg?fit=3483%2C2383&amp;ssl=1\" data-orig-size=\"3483,2383\" data-comments-opened=\"1\" data-image-meta=\"{&quot;aperture&quot;:&quot;4&quot;,&quot;credit&quot;:&quot;&quot;,&quot;camera&quot;:&quot;PENTAX K-r&quot;,&quot;caption&quot;:&quot;&quot;,&quot;created_timestamp&quot;:&quot;1479883073&quot;,&quot;copyright&quot;:&quot;&quot;,&quot;focal_length&quot;:&quot;19&quot;,&quot;iso&quot;:&quot;400&quot;,&quot;shutter_speed&quot;:&quot;0.025&quot;,&quot;title&quot;:&quot;&quot;,&quot;orientation&quot;:&quot;1&quot;}\" data-image-title=\"IMGP0336\" data-image-description=\"\" data-image-caption=\"\" data-large-file=\"https:\/\/i0.wp.com\/tps-trauma.org\/wp-content\/uploads\/2018\/06\/IMGP0336.jpg?fit=525%2C359&amp;ssl=1\" class=\"aligncenter size-full wp-image-1372\" src=\"https:\/\/i0.wp.com\/tps-trauma.org\/wp-content\/uploads\/2018\/06\/IMGP0336.jpg?resize=525%2C359\" alt=\"\" width=\"525\" height=\"359\" srcset=\"https:\/\/i0.wp.com\/tps-trauma.org\/wp-content\/uploads\/2018\/06\/IMGP0336.jpg?w=3483&amp;ssl=1 3483w, https:\/\/i0.wp.com\/tps-trauma.org\/wp-content\/uploads\/2018\/06\/IMGP0336.jpg?resize=300%2C205&amp;ssl=1 300w, https:\/\/i0.wp.com\/tps-trauma.org\/wp-content\/uploads\/2018\/06\/IMGP0336.jpg?resize=768%2C525&amp;ssl=1 768w, https:\/\/i0.wp.com\/tps-trauma.org\/wp-content\/uploads\/2018\/06\/IMGP0336.jpg?resize=1024%2C701&amp;ssl=1 1024w, https:\/\/i0.wp.com\/tps-trauma.org\/wp-content\/uploads\/2018\/06\/IMGP0336.jpg?w=1575&amp;ssl=1 1575w\" sizes=\"auto, (max-width: 767px) 89vw, (max-width: 1000px) 54vw, (max-width: 1071px) 543px, 580px\" \/><\/p>\n<p style=\"text-align: justify;\"><img data-recalc-dims=\"1\" loading=\"lazy\" decoding=\"async\" data-attachment-id=\"1373\" data-permalink=\"https:\/\/tps-trauma.org\/index.php\/2018\/06\/20\/2016-1ere-formation-a-la-tps\/imgp0337\/\" data-orig-file=\"https:\/\/i0.wp.com\/tps-trauma.org\/wp-content\/uploads\/2018\/06\/IMGP0337.jpg?fit=3161%2C2323&amp;ssl=1\" data-orig-size=\"3161,2323\" data-comments-opened=\"1\" data-image-meta=\"{&quot;aperture&quot;:&quot;4&quot;,&quot;credit&quot;:&quot;&quot;,&quot;camera&quot;:&quot;PENTAX K-r&quot;,&quot;caption&quot;:&quot;&quot;,&quot;created_timestamp&quot;:&quot;1479883076&quot;,&quot;copyright&quot;:&quot;&quot;,&quot;focal_length&quot;:&quot;15&quot;,&quot;iso&quot;:&quot;400&quot;,&quot;shutter_speed&quot;:&quot;0.016666666666667&quot;,&quot;title&quot;:&quot;&quot;,&quot;orientation&quot;:&quot;1&quot;}\" data-image-title=\"IMGP0337\" data-image-description=\"\" data-image-caption=\"\" data-large-file=\"https:\/\/i0.wp.com\/tps-trauma.org\/wp-content\/uploads\/2018\/06\/IMGP0337.jpg?fit=525%2C386&amp;ssl=1\" class=\"aligncenter size-full wp-image-1373\" src=\"https:\/\/i0.wp.com\/tps-trauma.org\/wp-content\/uploads\/2018\/06\/IMGP0337.jpg?resize=525%2C386\" alt=\"\" width=\"525\" height=\"386\" srcset=\"https:\/\/i0.wp.com\/tps-trauma.org\/wp-content\/uploads\/2018\/06\/IMGP0337.jpg?w=3161&amp;ssl=1 3161w, https:\/\/i0.wp.com\/tps-trauma.org\/wp-content\/uploads\/2018\/06\/IMGP0337.jpg?resize=300%2C220&amp;ssl=1 300w, https:\/\/i0.wp.com\/tps-trauma.org\/wp-content\/uploads\/2018\/06\/IMGP0337.jpg?resize=768%2C564&amp;ssl=1 768w, https:\/\/i0.wp.com\/tps-trauma.org\/wp-content\/uploads\/2018\/06\/IMGP0337.jpg?resize=1024%2C753&amp;ssl=1 1024w, https:\/\/i0.wp.com\/tps-trauma.org\/wp-content\/uploads\/2018\/06\/IMGP0337.jpg?w=1575&amp;ssl=1 1575w\" sizes=\"auto, (max-width: 767px) 89vw, (max-width: 1000px) 54vw, (max-width: 1071px) 543px, 580px\" \/><\/p>\n<p style=\"text-align: justify;\"><img data-recalc-dims=\"1\" loading=\"lazy\" decoding=\"async\" data-attachment-id=\"1374\" data-permalink=\"https:\/\/tps-trauma.org\/index.php\/2018\/06\/20\/2016-1ere-formation-a-la-tps\/imgp0338\/\" data-orig-file=\"https:\/\/i0.wp.com\/tps-trauma.org\/wp-content\/uploads\/2018\/06\/IMGP0338.jpg?fit=3220%2C2364&amp;ssl=1\" data-orig-size=\"3220,2364\" data-comments-opened=\"1\" data-image-meta=\"{&quot;aperture&quot;:&quot;4&quot;,&quot;credit&quot;:&quot;&quot;,&quot;camera&quot;:&quot;PENTAX K-r&quot;,&quot;caption&quot;:&quot;&quot;,&quot;created_timestamp&quot;:&quot;1479883087&quot;,&quot;copyright&quot;:&quot;&quot;,&quot;focal_length&quot;:&quot;18&quot;,&quot;iso&quot;:&quot;400&quot;,&quot;shutter_speed&quot;:&quot;0.008&quot;,&quot;title&quot;:&quot;&quot;,&quot;orientation&quot;:&quot;1&quot;}\" data-image-title=\"IMGP0338\" data-image-description=\"\" data-image-caption=\"\" data-large-file=\"https:\/\/i0.wp.com\/tps-trauma.org\/wp-content\/uploads\/2018\/06\/IMGP0338.jpg?fit=525%2C386&amp;ssl=1\" class=\"aligncenter size-full wp-image-1374\" src=\"https:\/\/i0.wp.com\/tps-trauma.org\/wp-content\/uploads\/2018\/06\/IMGP0338.jpg?resize=525%2C385\" alt=\"\" width=\"525\" height=\"385\" srcset=\"https:\/\/i0.wp.com\/tps-trauma.org\/wp-content\/uploads\/2018\/06\/IMGP0338.jpg?w=3220&amp;ssl=1 3220w, https:\/\/i0.wp.com\/tps-trauma.org\/wp-content\/uploads\/2018\/06\/IMGP0338.jpg?resize=300%2C220&amp;ssl=1 300w, https:\/\/i0.wp.com\/tps-trauma.org\/wp-content\/uploads\/2018\/06\/IMGP0338.jpg?resize=768%2C564&amp;ssl=1 768w, https:\/\/i0.wp.com\/tps-trauma.org\/wp-content\/uploads\/2018\/06\/IMGP0338.jpg?resize=1024%2C752&amp;ssl=1 1024w, https:\/\/i0.wp.com\/tps-trauma.org\/wp-content\/uploads\/2018\/06\/IMGP0338.jpg?w=1575&amp;ssl=1 1575w\" sizes=\"auto, (max-width: 767px) 89vw, (max-width: 1000px) 54vw, (max-width: 1071px) 543px, 580px\" \/><\/p>\n","protected":false},"excerpt":{"rendered":"<p>LA R\u00c9UNION 22 &#8211; 23 &#8211; 24 novembre 2016 1\u00e8re formation \u00e0 la Th\u00e9rapie Psycho-Sensorielle (TPS) La premi\u00e8re formation pratique \u00e0 la Th\u00e9rapie Psycho-Sensorielle mise au point par le Dr Marie-Claude L\u00e9n\u00e8s, s&rsquo;est d\u00e9roul\u00e9e \u00e0 Saint Pierre de La R\u00e9union, pour 11 stagiaires ayant tous eu, au pr\u00e9alable, une formation au psychotrauma. Apr\u00e8s un bref &hellip; <\/p>\n<p class=\"link-more\"><a href=\"https:\/\/tps-trauma.org\/index.php\/2018\/06\/20\/2016-1ere-formation-a-la-tps\/\" class=\"more-link\">Continuer la lecture<span class=\"screen-reader-text\"> de &laquo;&nbsp;2016 &#8211; 1\u00e8re Formation \u00e0 la TPS&nbsp;&raquo;<\/span><\/a><\/p>\n","protected":false},"author":1,"featured_media":0,"comment_status":"closed","ping_status":"closed","sticky":false,"template":"","format":"standard","meta":{"_crdt_document":"","_uf_show_specific_survey":0,"_uf_disable_surveys":false,"jetpack_post_was_ever_published":false,"_jetpack_newsletter_access":"","_jetpack_dont_email_post_to_subs":false,"_jetpack_newsletter_tier_id":0,"_jetpack_memberships_contains_paywalled_content":false,"_jetpack_memberships_contains_paid_content":false,"footnotes":"","jetpack_publicize_message":"","jetpack_publicize_feature_enabled":true,"jetpack_social_post_already_shared":false,"jetpack_social_options":{"image_generator_settings":{"template":"highway","default_image_id":0,"font":"","enabled":false},"version":2}},"categories":[10],"tags":[],"class_list":["post-1368","post","type-post","status-publish","format-standard","hentry","category-zi_reunion"],"aioseo_notices":[],"jetpack_publicize_connections":[],"jetpack_featured_media_url":"","jetpack_sharing_enabled":true,"jetpack_shortlink":"https:\/\/wp.me\/pajXwX-m4","jetpack-related-posts":[],"_links":{"self":[{"href":"https:\/\/tps-trauma.org\/index.php\/wp-json\/wp\/v2\/posts\/1368","targetHints":{"allow":["GET"]}}],"collection":[{"href":"https:\/\/tps-trauma.org\/index.php\/wp-json\/wp\/v2\/posts"}],"about":[{"href":"https:\/\/tps-trauma.org\/index.php\/wp-json\/wp\/v2\/types\/post"}],"author":[{"embeddable":true,"href":"https:\/\/tps-trauma.org\/index.php\/wp-json\/wp\/v2\/users\/1"}],"replies":[{"embeddable":true,"href":"https:\/\/tps-trauma.org\/index.php\/wp-json\/wp\/v2\/comments?post=1368"}],"version-history":[{"count":5,"href":"https:\/\/tps-trauma.org\/index.php\/wp-json\/wp\/v2\/posts\/1368\/revisions"}],"predecessor-version":[{"id":1966,"href":"https:\/\/tps-trauma.org\/index.php\/wp-json\/wp\/v2\/posts\/1368\/revisions\/1966"}],"wp:attachment":[{"href":"https:\/\/tps-trauma.org\/index.php\/wp-json\/wp\/v2\/media?parent=1368"}],"wp:term":[{"taxonomy":"category","embeddable":true,"href":"https:\/\/tps-trauma.org\/index.php\/wp-json\/wp\/v2\/categories?post=1368"},{"taxonomy":"post_tag","embeddable":true,"href":"https:\/\/tps-trauma.org\/index.php\/wp-json\/wp\/v2\/tags?post=1368"}],"curies":[{"name":"wp","href":"https:\/\/api.w.org\/{rel}","templated":true}]}}