{"id":2461,"date":"2020-04-14T10:25:44","date_gmt":"2020-04-14T08:25:44","guid":{"rendered":"https:\/\/tps-trauma.org\/?p=2461"},"modified":"2020-04-14T10:25:44","modified_gmt":"2020-04-14T08:25:44","slug":"et-apres-la-catastrophe-du-covid-19","status":"publish","type":"post","link":"https:\/\/tps-trauma.org\/index.php\/2020\/04\/14\/et-apres-la-catastrophe-du-covid-19\/","title":{"rendered":"Et apr\u00e8s la catastrophe du Covid 19 ?"},"content":{"rendered":"\n<p class=\"wp-block-paragraph\">La vie reprend mais pas comme avant&#8230;<\/p>\n\n\n\n<p class=\"wp-block-paragraph\"><strong>Les personnes atteintes par le virus&nbsp;:<\/strong><br>\nLors du passage en r\u00e9animation le corps subit des agressions tr\u00e8s violentes. Ces violences sont susceptibles de \u00ab\u00a0faire trauma\u00a0\u00bb et de laisser des traces sensorielles. M\u00eame sans passer par la case \u00ab\u00a0R\u00e9a\u00a0\u00bb, le fait d&rsquo;avoir des souffrances intenses et notamment une forte g\u00eane respiratoire peut provoquer chez l&rsquo;\u00eatre humain un sentiment d&rsquo;an\u00e9antissement, brutal, violent, signature d&rsquo;un trauma psychique.<\/p>\n\n\n\n<p class=\"wp-block-paragraph\"><strong>Les personnes confin\u00e9es&nbsp;:<\/strong><br> Les effets n\u00e9gatifs du confinement sont bien connus&nbsp;: stress, peur de la maladie, souffrances intrafamiliales, sociales, environnementales, difficult\u00e9s financi\u00e8res. Ils sont pris en compte par les diverses instances de la soci\u00e9t\u00e9. Par contre, les traumas psychiques dus \u00e0 des situations d\u2019an\u00e9antissement v\u00e9cues pendant cette p\u00e9riode, risquent d\u2019\u00eatres m\u00e9connus.<\/p>\n\n\n\n<p class=\"wp-block-paragraph\"><strong>Les soignants&nbsp;:<\/strong><br> Au-del\u00e0 du stress et de l\u2019\u00e9puisement quotidiens, les soignants m\u00eame les plus solides, ne sont pas \u00e0 l\u2019abri des traumas psychiques cons\u00e9cutifs aux situations dramatiques qu\u2019ils vivent en premi\u00e8re ligne.<\/p>\n\n\n\n<p class=\"wp-block-paragraph\">Une fois que le trauma est l\u00e0, tapi dans l&rsquo;ombre, il va provoquer les sympt\u00f4mes bien connus maintenant et abondamment document\u00e9s de l\u2019\u00c9tat de Stress Post-Traumatique.<\/p>\n\n\n\n<p class=\"has-text-align-left wp-block-paragraph\"><strong>Covid 19 et trauma psychique<\/strong> :<br>L\u2019enjeu sera de rep\u00e9rer et de diagnostiquer ces \u00e9tats de stress post-traumatiques.<br>Le d\u00e9fi sera de les traiter.<\/p>\n\n\n\n<p class=\"wp-block-paragraph\">De nombreuses m\u00e9thodes proposent de <span style=\"text-decoration: underline;\">traiter les sympt\u00f4mes<\/span> du stress post-traumatique, c&rsquo;est-\u00e0-dire les cons\u00e9quences du trauma <span style=\"text-decoration: underline;\">mais pas le trauma lui-m\u00eame<\/span>.<\/p>\n\n\n\n<p class=\"wp-block-paragraph\">La <strong>T<\/strong>h\u00e9rapie <strong>P<\/strong>sycho-<strong>S<\/strong>ensorielle va plus loin puisque, au cours de la s\u00e9ance, <span style=\"text-decoration: underline;\">le bloc traumatique<\/span> incrust\u00e9 dans le psychisme<span style=\"text-decoration: underline;\"> est directement trait\u00e9 et les sympt\u00f4mes disparaissent d\u00e9finitivement<\/span>.<\/p>\n\n\n\n<p class=\"has-text-align-right wp-block-paragraph\">Dr Marie-Claude L\u00e9n\u00e8s &#8211; Montpellier le 13 04 2020<\/p>\n\n\n\n<p class=\"wp-block-paragraph\"><a href=\"https:\/\/www.linkedin.com\/feed\/hashtag\/?highlightedUpdateUrns=urn%3Ali%3Aactivity%3A6654646987356426240&amp;keywords=%23psychologie&amp;originTrackingId=vmpi5IfRStGcsFae1sFRuw%3D%3D\" target=\"_blank\" rel=\"noreferrer noopener\">#psychologie<\/a> <a href=\"https:\/\/www.linkedin.com\/feed\/hashtag\/?highlightedUpdateUrns=urn%3Ali%3Aactivity%3A6654646987356426240&amp;keywords=%23psychiatre&amp;originTrackingId=vmpi5IfRStGcsFae1sFRuw%3D%3D\" target=\"_blank\" rel=\"noreferrer noopener\">#psychiatre<\/a> <a href=\"https:\/\/www.linkedin.com\/feed\/hashtag\/?highlightedUpdateUrns=urn%3Ali%3Aactivity%3A6654646987356426240&amp;keywords=%23psychanalyste&amp;originTrackingId=vmpi5IfRStGcsFae1sFRuw%3D%3D\" target=\"_blank\" rel=\"noreferrer noopener\">#psychanalyse #p<\/a><a href=\"https:\/\/www.linkedin.com\/feed\/hashtag\/?highlightedUpdateUrns=urn%3Ali%3Aactivity%3A6654646987356426240&amp;keywords=%23psychologietransculturelle&amp;originTrackingId=vmpi5IfRStGcsFae1sFRuw%3D%3D\" target=\"_blank\" rel=\"noreferrer noopener\">sychologietransculturelle #a<\/a><a href=\"https:\/\/www.linkedin.com\/feed\/hashtag\/?highlightedUpdateUrns=urn%3Ali%3Aactivity%3A6654646987356426240&amp;keywords=%23anthropologue&amp;originTrackingId=vmpi5IfRStGcsFae1sFRuw%3D%3D\" target=\"_blank\" rel=\"noreferrer noopener\">nthropologie<\/a><a href=\"https:\/\/www.linkedin.com\/feed\/hashtag\/?highlightedUpdateUrns=urn%3Ali%3Aactivity%3A6654646987356426240&amp;keywords=%23sciencescognitives&amp;originTrackingId=vmpi5IfRStGcsFae1sFRuw%3D%3D\" target=\"_blank\" rel=\"noreferrer noopener\">#sciencescognitives<\/a> <a href=\"https:\/\/www.linkedin.com\/feed\/hashtag\/?highlightedUpdateUrns=urn%3Ali%3Aactivity%3A6654646987356426240&amp;keywords=%23neurosciences&amp;originTrackingId=vmpi5IfRStGcsFae1sFRuw%3D%3D\" target=\"_blank\" rel=\"noreferrer noopener\">#neurosciences<\/a> <a href=\"https:\/\/www.linkedin.com\/feed\/hashtag\/?highlightedUpdateUrns=urn%3Ali%3Aactivity%3A6654646987356426240&amp;keywords=%23traumatisme&amp;originTrackingId=vmpi5IfRStGcsFae1sFRuw%3D%3D\" target=\"_blank\" rel=\"noreferrer noopener\">#traumatisme<\/a> <a href=\"https:\/\/www.linkedin.com\/feed\/hashtag\/?highlightedUpdateUrns=urn%3Ali%3Aactivity%3A6654646987356426240&amp;keywords=%23ESPT&amp;originTrackingId=vmpi5IfRStGcsFae1sFRuw%3D%3D\" target=\"_blank\" rel=\"noreferrer noopener\">#ESPT<\/a> <a href=\"https:\/\/www.linkedin.com\/feed\/hashtag\/?highlightedUpdateUrns=urn%3Ali%3Aactivity%3A6654646987356426240&amp;keywords=%23PTSD&amp;originTrackingId=vmpi5IfRStGcsFae1sFRuw%3D%3D\" target=\"_blank\" rel=\"noreferrer noopener\">#PTSD<\/a> <a href=\"https:\/\/www.linkedin.com\/feed\/hashtag\/?highlightedUpdateUrns=urn%3Ali%3Aactivity%3A6654646987356426240&amp;keywords=%23sociologie&amp;originTrackingId=vmpi5IfRStGcsFae1sFRuw%3D%3D\" target=\"_blank\" rel=\"noreferrer noopener\">#sociologie<\/a> <a href=\"https:\/\/www.linkedin.com\/feed\/hashtag\/?highlightedUpdateUrns=urn%3Ali%3Aactivity%3A6654646987356426240&amp;keywords=%23guerre&amp;originTrackingId=vmpi5IfRStGcsFae1sFRuw%3D%3D\" target=\"_blank\" rel=\"noreferrer noopener\">#guerre<\/a> <a href=\"https:\/\/www.linkedin.com\/feed\/hashtag\/?highlightedUpdateUrns=urn%3Ali%3Aactivity%3A6654646987356426240&amp;keywords=%23terrorisme&amp;originTrackingId=vmpi5IfRStGcsFae1sFRuw%3D%3D\" target=\"_blank\" rel=\"noreferrer noopener\">#terrorisme<\/a> <a href=\"https:\/\/www.linkedin.com\/feed\/hashtag\/?highlightedUpdateUrns=urn%3Ali%3Aactivity%3A6654646987356426240&amp;keywords=%23soinpsychique&amp;originTrackingId=vmpi5IfRStGcsFae1sFRuw%3D%3D\" target=\"_blank\" rel=\"noreferrer noopener\">#soinpsychique #psychotrauma #psycho-traumatisme #coronavirus #covid19 #soignants #DSM #CIM10<\/a><\/p>\n","protected":false},"excerpt":{"rendered":"<p>La vie reprend mais pas comme avant&#8230; Les personnes atteintes par le virus&nbsp;: Lors du passage en r\u00e9animation le corps subit des agressions tr\u00e8s violentes. Ces violences sont susceptibles de \u00ab\u00a0faire trauma\u00a0\u00bb et de laisser des traces sensorielles. M\u00eame sans passer par la case \u00ab\u00a0R\u00e9a\u00a0\u00bb, le fait d&rsquo;avoir des souffrances intenses et notamment une forte &hellip; <\/p>\n<p class=\"link-more\"><a href=\"https:\/\/tps-trauma.org\/index.php\/2020\/04\/14\/et-apres-la-catastrophe-du-covid-19\/\" class=\"more-link\">Continuer la lecture<span class=\"screen-reader-text\"> de &laquo;&nbsp;Et apr\u00e8s la catastrophe du Covid 19 ?&nbsp;&raquo;<\/span><\/a><\/p>\n","protected":false},"author":1,"featured_media":0,"comment_status":"open","ping_status":"open","sticky":false,"template":"","format":"standard","meta":{"_crdt_document":"","_uf_show_specific_survey":0,"_uf_disable_surveys":false,"jetpack_post_was_ever_published":false,"_jetpack_newsletter_access":"","_jetpack_dont_email_post_to_subs":false,"_jetpack_newsletter_tier_id":0,"_jetpack_memberships_contains_paywalled_content":false,"_jetpack_memberships_contains_paid_content":false,"footnotes":"","jetpack_publicize_message":"","jetpack_publicize_feature_enabled":true,"jetpack_social_post_already_shared":true,"jetpack_social_options":{"image_generator_settings":{"template":"highway","default_image_id":0,"font":"","enabled":false},"version":2}},"categories":[16],"tags":[],"class_list":["post-2461","post","type-post","status-publish","format-standard","hentry","category-discussions"],"aioseo_notices":[],"jetpack_publicize_connections":[],"jetpack_featured_media_url":"","jetpack_sharing_enabled":true,"jetpack_shortlink":"https:\/\/wp.me\/pajXwX-DH","jetpack-related-posts":[],"_links":{"self":[{"href":"https:\/\/tps-trauma.org\/index.php\/wp-json\/wp\/v2\/posts\/2461","targetHints":{"allow":["GET"]}}],"collection":[{"href":"https:\/\/tps-trauma.org\/index.php\/wp-json\/wp\/v2\/posts"}],"about":[{"href":"https:\/\/tps-trauma.org\/index.php\/wp-json\/wp\/v2\/types\/post"}],"author":[{"embeddable":true,"href":"https:\/\/tps-trauma.org\/index.php\/wp-json\/wp\/v2\/users\/1"}],"replies":[{"embeddable":true,"href":"https:\/\/tps-trauma.org\/index.php\/wp-json\/wp\/v2\/comments?post=2461"}],"version-history":[{"count":2,"href":"https:\/\/tps-trauma.org\/index.php\/wp-json\/wp\/v2\/posts\/2461\/revisions"}],"predecessor-version":[{"id":2463,"href":"https:\/\/tps-trauma.org\/index.php\/wp-json\/wp\/v2\/posts\/2461\/revisions\/2463"}],"wp:attachment":[{"href":"https:\/\/tps-trauma.org\/index.php\/wp-json\/wp\/v2\/media?parent=2461"}],"wp:term":[{"taxonomy":"category","embeddable":true,"href":"https:\/\/tps-trauma.org\/index.php\/wp-json\/wp\/v2\/categories?post=2461"},{"taxonomy":"post_tag","embeddable":true,"href":"https:\/\/tps-trauma.org\/index.php\/wp-json\/wp\/v2\/tags?post=2461"}],"curies":[{"name":"wp","href":"https:\/\/api.w.org\/{rel}","templated":true}]}}