{"id":2591,"date":"2020-11-08T11:50:00","date_gmt":"2020-11-08T10:50:00","guid":{"rendered":"https:\/\/tps-trauma.org\/?p=2591"},"modified":"2020-11-19T09:14:29","modified_gmt":"2020-11-19T08:14:29","slug":"deuxieme-tirage-du-livre","status":"publish","type":"post","link":"https:\/\/tps-trauma.org\/index.php\/2020\/11\/08\/deuxieme-tirage-du-livre\/","title":{"rendered":"Deuxi\u00e8me tirage du livre"},"content":{"rendered":"\n<p class=\"wp-block-paragraph\">Le succ\u00e8s se confirme&#8230; Voici d\u00e9j\u00e0 le deuxi\u00e8me tirage du livre !<\/p>\n\n\n\n<figure class=\"wp-block-image size-large is-resized\"><img data-recalc-dims=\"1\" decoding=\"async\" data-attachment-id=\"2584\" data-permalink=\"https:\/\/tps-trauma.org\/index.php\/le-livre\/1e-de-couverture-2e-tirage\/\" data-orig-file=\"https:\/\/i0.wp.com\/tps-trauma.org\/wp-content\/uploads\/2020\/11\/1e-de-couverture-2e-tirage.jpg?fit=457%2C669&amp;ssl=1\" data-orig-size=\"457,669\" data-comments-opened=\"1\" data-image-meta=\"{&quot;aperture&quot;:&quot;0&quot;,&quot;credit&quot;:&quot;&quot;,&quot;camera&quot;:&quot;&quot;,&quot;caption&quot;:&quot;&quot;,&quot;created_timestamp&quot;:&quot;0&quot;,&quot;copyright&quot;:&quot;&quot;,&quot;focal_length&quot;:&quot;0&quot;,&quot;iso&quot;:&quot;0&quot;,&quot;shutter_speed&quot;:&quot;0&quot;,&quot;title&quot;:&quot;&quot;,&quot;orientation&quot;:&quot;1&quot;}\" data-image-title=\"1e de couverture 2e tirage\" data-image-description=\"\" data-image-caption=\"\" data-large-file=\"https:\/\/i0.wp.com\/tps-trauma.org\/wp-content\/uploads\/2020\/11\/1e-de-couverture-2e-tirage.jpg?fit=457%2C669&amp;ssl=1\" src=\"https:\/\/i0.wp.com\/tps-trauma.org\/wp-content\/uploads\/2020\/11\/1e-de-couverture-2e-tirage.jpg?w=230&#038;ssl=1\" alt=\"\" class=\"wp-image-2584\"  srcset=\"https:\/\/i0.wp.com\/tps-trauma.org\/wp-content\/uploads\/2020\/11\/1e-de-couverture-2e-tirage.jpg?w=457&amp;ssl=1 457w, https:\/\/i0.wp.com\/tps-trauma.org\/wp-content\/uploads\/2020\/11\/1e-de-couverture-2e-tirage.jpg?resize=205%2C300&amp;ssl=1 205w\" sizes=\"(max-width: 457px) 100vw, 457px\" \/><\/figure>\n\n\n\n<p class=\"wp-block-paragraph\">A cette occasion, nous avons l&rsquo;honneur de pouvoir inclure <strong>deux pr\u00e9faces<\/strong> qui nous ont \u00e9t\u00e9 propos\u00e9es apr\u00e8s que leurs auteurs aient lu le livre. Ces textes apportent une v\u00e9ritable caution scientifique \u00e0 l&rsquo;efficacit\u00e9 de la TPS.<\/p>\n\n\n\n<p class=\"wp-block-paragraph\"><strong> &#8211; G\u00e9n\u00e9ral Professeur Louis CROCQ : <\/strong><br>Tous les sp\u00e9cialistes du psycho-trauma le connaissent bien, il a notamment cr\u00e9\u00e9 en 1997, avec Xavier Emmanuelli, les Cellules d&rsquo;Urgences M\u00e9dico-Psychologique (CUMP). Le docteur Marie-Claude L\u00e9n\u00e8s l&rsquo;a rencontr\u00e9 la premi\u00e8re fois en 1994, puis en 1995, pour des formations en victimologie, \u00e0 Paris. En 1996, elle a particip\u00e9 au Coll\u00e8ge des R\u00e9f\u00e9rents, au Minist\u00e8re des Affaires \u00c9trang\u00e8res, pour la cr\u00e9ation des CUMP. Leur collaboration s&rsquo;est poursuivie en 1997 pour des enseignements \u00e0 Paris, Clermont-Ferrand, Marseille, puis en Turquie et en Cr\u00eate. En 1999 et 2000, \u00e0 la demande du Minist\u00e8re des Affaires \u00c9trang\u00e8res et sous l&rsquo;\u00e9gide du G\u00e9n\u00e9ral CROCQ, le docteur Marie-Claude L\u00e9n\u00e8s est intervenue en Albanie et au Kosovo dans les camps de r\u00e9fugi\u00e9s, puis, en 2003, avec le G\u00e9n\u00e9ral CROCQ cette fois, en Alg\u00e9rie apr\u00e8s le tremblement de terre de Boumerd\u00e8s. Ils ont \u00e9galement partag\u00e9 des communications lors de nombreux Congr\u00e8s : Chalon sur Sa\u00f4ne (H\u00f4pital de Sevrey), Paris, Marseille, Montpellier, Montr\u00e9al&#8230;<\/p>\n\n\n\n<p class=\"wp-block-paragraph\"> <strong>&#8211; Professeur Zacarias DUARTE-CASTELLON :<\/strong><br><em>Directeur de l&rsquo;Institut de M\u00e9decine L\u00e9gale du Nicaragua<\/em><br>Sa rencontre avec le docteur Marie-Claude L\u00e9n\u00e8s a eu lieu en f\u00e9vrier 2009 \u00e0 Montpellier. Il a imm\u00e9diatement \u00e9t\u00e9 int\u00e9ress\u00e9 par l&rsquo;apport de la Th\u00e9orie Psycho-Sensorielle et il a vu dans son utilisation un moyen de reconna\u00eetre et de traiter les victimes de violences familiales, sexuelles et de genre, trop souvent ignor\u00e9es tant que le crit\u00e8re \u00e9tait \u00ab\u00a0parole contre parole\u00a0\u00bb.<br>Il a invit\u00e9 le docteur Marie-Claude L\u00e9n\u00e8s \u00e0 venir pr\u00e9senter sa th<span class=\"has-inline-color has-black-color\">\u00e9orie<\/span> au \u00abPrimer Congreso Nacional y Coloquio Internacional de Medicina Legal y Ciensas Forenses\u00bb, <span class=\"has-inline-color has-black-color\">qui regroupait <\/span>l&rsquo;Espagne et toute l&rsquo;Am\u00e9rique Latine \u00e0 Managua en d\u00e9cembre 2009.<br>A partir de l\u00e0, <a rel=\"noreferrer noopener\" href=\"https:\/\/tps-trauma.org\/index.php\/2018\/05\/28\/nicaragua\/\" target=\"_blank\">une coop\u00e9ration intense<\/a> s&rsquo;est \u00e9tablie avec le Nicaragua pour former un nombre cons\u00e9quent de personnels soignants, de juristes, de policiers&#8230;<br>Le Professeur DUARTE-CASTELLON a traduit le livre TPS en espagnol !<\/p>\n\n\n\n<p class=\"wp-block-paragraph\"><a href=\"https:\/\/tps-trauma.org\/index.php\/preface-du-general-louis-crocq\/\" target=\"_blank\" rel=\"noreferrer noopener\">Pr\u00e9face du G\u00e9n\u00e9ral Louis CROCQ<\/a><br><a href=\"https:\/\/tps-trauma.org\/index.php\/preface-du-professeur-zacarias-duarte-castellon\/\" target=\"_blank\" rel=\"noreferrer noopener\">Pr\u00e9face du Docteur Zacarias DUARTE-CASTELLON<\/a><\/p>\n\n\n\n<p class=\"wp-block-paragraph\"><\/p>\n","protected":false},"excerpt":{"rendered":"<p>Le succ\u00e8s se confirme&#8230; Voici d\u00e9j\u00e0 le deuxi\u00e8me tirage du livre ! A cette occasion, nous avons l&rsquo;honneur de pouvoir inclure deux pr\u00e9faces qui nous ont \u00e9t\u00e9 propos\u00e9es apr\u00e8s que leurs auteurs aient lu le livre. Ces textes apportent une v\u00e9ritable caution scientifique \u00e0 l&rsquo;efficacit\u00e9 de la TPS. &#8211; G\u00e9n\u00e9ral Professeur Louis CROCQ : Tous &hellip; <\/p>\n<p class=\"link-more\"><a href=\"https:\/\/tps-trauma.org\/index.php\/2020\/11\/08\/deuxieme-tirage-du-livre\/\" class=\"more-link\">Continuer la lecture<span class=\"screen-reader-text\"> de &laquo;&nbsp;Deuxi\u00e8me tirage du livre&nbsp;&raquo;<\/span><\/a><\/p>\n","protected":false},"author":1,"featured_media":0,"comment_status":"open","ping_status":"open","sticky":false,"template":"","format":"standard","meta":{"_crdt_document":"","_uf_show_specific_survey":0,"_uf_disable_surveys":false,"jetpack_post_was_ever_published":false,"_jetpack_newsletter_access":"","_jetpack_dont_email_post_to_subs":false,"_jetpack_newsletter_tier_id":0,"_jetpack_memberships_contains_paywalled_content":false,"_jetpack_memberships_contains_paid_content":false,"footnotes":"","jetpack_publicize_message":"","jetpack_publicize_feature_enabled":true,"jetpack_social_post_already_shared":true,"jetpack_social_options":{"image_generator_settings":{"template":"highway","default_image_id":0,"font":"","enabled":false},"version":2}},"categories":[1,16],"tags":[],"class_list":["post-2591","post","type-post","status-publish","format-standard","hentry","category-non-classe","category-discussions"],"aioseo_notices":[],"jetpack_publicize_connections":[],"jetpack_featured_media_url":"","jetpack_sharing_enabled":true,"jetpack_shortlink":"https:\/\/wp.me\/pajXwX-FN","jetpack-related-posts":[],"_links":{"self":[{"href":"https:\/\/tps-trauma.org\/index.php\/wp-json\/wp\/v2\/posts\/2591","targetHints":{"allow":["GET"]}}],"collection":[{"href":"https:\/\/tps-trauma.org\/index.php\/wp-json\/wp\/v2\/posts"}],"about":[{"href":"https:\/\/tps-trauma.org\/index.php\/wp-json\/wp\/v2\/types\/post"}],"author":[{"embeddable":true,"href":"https:\/\/tps-trauma.org\/index.php\/wp-json\/wp\/v2\/users\/1"}],"replies":[{"embeddable":true,"href":"https:\/\/tps-trauma.org\/index.php\/wp-json\/wp\/v2\/comments?post=2591"}],"version-history":[{"count":9,"href":"https:\/\/tps-trauma.org\/index.php\/wp-json\/wp\/v2\/posts\/2591\/revisions"}],"predecessor-version":[{"id":2613,"href":"https:\/\/tps-trauma.org\/index.php\/wp-json\/wp\/v2\/posts\/2591\/revisions\/2613"}],"wp:attachment":[{"href":"https:\/\/tps-trauma.org\/index.php\/wp-json\/wp\/v2\/media?parent=2591"}],"wp:term":[{"taxonomy":"category","embeddable":true,"href":"https:\/\/tps-trauma.org\/index.php\/wp-json\/wp\/v2\/categories?post=2591"},{"taxonomy":"post_tag","embeddable":true,"href":"https:\/\/tps-trauma.org\/index.php\/wp-json\/wp\/v2\/tags?post=2591"}],"curies":[{"name":"wp","href":"https:\/\/api.w.org\/{rel}","templated":true}]}}