{"id":3016,"date":"2025-03-28T19:28:33","date_gmt":"2025-03-28T18:28:33","guid":{"rendered":"https:\/\/tps-trauma.org\/?p=3016"},"modified":"2025-03-28T19:28:35","modified_gmt":"2025-03-28T18:28:35","slug":"formation-1er-niveau","status":"publish","type":"post","link":"https:\/\/tps-trauma.org\/index.php\/2025\/03\/28\/formation-1er-niveau\/","title":{"rendered":"Formation 1er niveau"},"content":{"rendered":"\n<p class=\"wp-block-paragraph\">Une formation \u00ab Comp\u00e9tence en psycho-traumatologie \u00bb s\u2019est tenue \u00e0 Montpellier les 20-21-22 janvier 2025. Cette session a accueilli 4 stagiaires inscrites de mani\u00e8re individuelle.<\/p>\n\n\n\n<figure class=\"wp-block-image size-large\"><img data-recalc-dims=\"1\" loading=\"lazy\" decoding=\"async\" width=\"525\" height=\"328\" data-attachment-id=\"3017\" data-permalink=\"https:\/\/tps-trauma.org\/index.php\/2025\/03\/28\/formation-1er-niveau\/01-2025\/\" data-orig-file=\"https:\/\/i0.wp.com\/tps-trauma.org\/wp-content\/uploads\/2025\/03\/01-2025.webp?fit=1080%2C675&amp;ssl=1\" data-orig-size=\"1080,675\" data-comments-opened=\"1\" data-image-meta=\"{&quot;aperture&quot;:&quot;0&quot;,&quot;credit&quot;:&quot;&quot;,&quot;camera&quot;:&quot;&quot;,&quot;caption&quot;:&quot;&quot;,&quot;created_timestamp&quot;:&quot;0&quot;,&quot;copyright&quot;:&quot;&quot;,&quot;focal_length&quot;:&quot;0&quot;,&quot;iso&quot;:&quot;0&quot;,&quot;shutter_speed&quot;:&quot;0&quot;,&quot;title&quot;:&quot;&quot;,&quot;orientation&quot;:&quot;0&quot;}\" data-image-title=\"01 2025\" data-image-description=\"\" data-image-caption=\"\" data-large-file=\"https:\/\/i0.wp.com\/tps-trauma.org\/wp-content\/uploads\/2025\/03\/01-2025.webp?fit=525%2C328&amp;ssl=1\" src=\"https:\/\/i0.wp.com\/tps-trauma.org\/wp-content\/uploads\/2025\/03\/01-2025.webp?resize=525%2C328&#038;ssl=1\" alt=\"\" class=\"wp-image-3017\" srcset=\"https:\/\/i0.wp.com\/tps-trauma.org\/wp-content\/uploads\/2025\/03\/01-2025.webp?resize=1024%2C640&amp;ssl=1 1024w, https:\/\/i0.wp.com\/tps-trauma.org\/wp-content\/uploads\/2025\/03\/01-2025.webp?resize=300%2C188&amp;ssl=1 300w, https:\/\/i0.wp.com\/tps-trauma.org\/wp-content\/uploads\/2025\/03\/01-2025.webp?resize=768%2C480&amp;ssl=1 768w, https:\/\/i0.wp.com\/tps-trauma.org\/wp-content\/uploads\/2025\/03\/01-2025.webp?w=1080&amp;ssl=1 1080w\" sizes=\"auto, (max-width: 767px) 89vw, (max-width: 1000px) 54vw, (max-width: 1071px) 543px, 580px\" \/><\/figure>\n\n\n\n<p class=\"wp-block-paragraph\">Les participantes se sont montr\u00e9es tr\u00e8s impliqu\u00e9es et ont brillamment valid\u00e9 le premier niveau de formation \u00e0 la Th\u00e9rapie Psycho-Sensorielle.<\/p>\n\n\n\n<p class=\"wp-block-paragraph\">Ces trois jours ont plong\u00e9 les stagiaires dans la d\u00e9couverte et l\u2019apprentissage de la clinique du stress et du psychotraumatisme, dans leurs m\u00e9canismes, sympt\u00f4mes, et cons\u00e9quences.<\/p>\n\n\n\n<p class=\"wp-block-paragraph\">Une distinction nette entre ces deux concepts a \u00e9t\u00e9 mise en \u00e9vidence gr\u00e2ce \u00e0 la pr\u00e9sentation des recherches \u00e0 l\u2019origine de la Th\u00e9orie Psycho-Sensorielle, illustr\u00e9e par des cas cliniques sous forme de vid\u00e9os et d\u2019\u00e9crits pr\u00e9sent\u00e9s par le Dr. L\u00e9n\u00e8s.&nbsp;<\/p>\n\n\n\n<p class=\"wp-block-paragraph\">Les retours \u00ab \u00e0 chaud \u00bb des stagiaires, collect\u00e9s \u00e0 la fin de la formation, ainsi que les examens \u00e9crits ont confirm\u00e9 que les objectifs des trois journ\u00e9es avaient \u00e9t\u00e9 atteints.&nbsp;&nbsp;<\/p>\n\n\n\n<p class=\"wp-block-paragraph\">Si vous souhaitez d\u00e9couvrir cette m\u00e9thode innovante pour traiter le psycho-trauma, vous pouvez consulter le calendrier individuel de formation disponible <a href=\"https:\/\/tps-formations.fr\/formations\/\">ici<\/a>.<\/p>\n","protected":false},"excerpt":{"rendered":"<p>Une formation \u00ab Comp\u00e9tence en psycho-traumatologie \u00bb s\u2019est tenue \u00e0 Montpellier les 20-21-22 janvier 2025. Cette session a accueilli 4 stagiaires inscrites de mani\u00e8re individuelle. Les participantes se sont montr\u00e9es tr\u00e8s impliqu\u00e9es et ont brillamment valid\u00e9 le premier niveau de formation \u00e0 la Th\u00e9rapie Psycho-Sensorielle. Ces trois jours ont plong\u00e9 les stagiaires dans la d\u00e9couverte &hellip; <\/p>\n<p class=\"link-more\"><a href=\"https:\/\/tps-trauma.org\/index.php\/2025\/03\/28\/formation-1er-niveau\/\" class=\"more-link\">Continuer la lecture<span class=\"screen-reader-text\"> de &laquo;&nbsp;Formation 1er niveau&nbsp;&raquo;<\/span><\/a><\/p>\n","protected":false},"author":1,"featured_media":0,"comment_status":"open","ping_status":"open","sticky":false,"template":"","format":"standard","meta":{"_crdt_document":"","_uf_show_specific_survey":0,"_uf_disable_surveys":false,"jetpack_post_was_ever_published":false,"_jetpack_newsletter_access":"","_jetpack_dont_email_post_to_subs":false,"_jetpack_newsletter_tier_id":0,"_jetpack_memberships_contains_paywalled_content":false,"_jetpack_memberships_contains_paid_content":false,"footnotes":"","jetpack_publicize_message":"","jetpack_publicize_feature_enabled":true,"jetpack_social_post_already_shared":true,"jetpack_social_options":{"image_generator_settings":{"template":"highway","default_image_id":0,"font":"","enabled":false},"version":2}},"categories":[16],"tags":[],"class_list":["post-3016","post","type-post","status-publish","format-standard","hentry","category-discussions"],"aioseo_notices":[],"jetpack_publicize_connections":[],"jetpack_featured_media_url":"","jetpack_sharing_enabled":true,"jetpack_shortlink":"https:\/\/wp.me\/pajXwX-ME","jetpack-related-posts":[],"_links":{"self":[{"href":"https:\/\/tps-trauma.org\/index.php\/wp-json\/wp\/v2\/posts\/3016","targetHints":{"allow":["GET"]}}],"collection":[{"href":"https:\/\/tps-trauma.org\/index.php\/wp-json\/wp\/v2\/posts"}],"about":[{"href":"https:\/\/tps-trauma.org\/index.php\/wp-json\/wp\/v2\/types\/post"}],"author":[{"embeddable":true,"href":"https:\/\/tps-trauma.org\/index.php\/wp-json\/wp\/v2\/users\/1"}],"replies":[{"embeddable":true,"href":"https:\/\/tps-trauma.org\/index.php\/wp-json\/wp\/v2\/comments?post=3016"}],"version-history":[{"count":1,"href":"https:\/\/tps-trauma.org\/index.php\/wp-json\/wp\/v2\/posts\/3016\/revisions"}],"predecessor-version":[{"id":3018,"href":"https:\/\/tps-trauma.org\/index.php\/wp-json\/wp\/v2\/posts\/3016\/revisions\/3018"}],"wp:attachment":[{"href":"https:\/\/tps-trauma.org\/index.php\/wp-json\/wp\/v2\/media?parent=3016"}],"wp:term":[{"taxonomy":"category","embeddable":true,"href":"https:\/\/tps-trauma.org\/index.php\/wp-json\/wp\/v2\/categories?post=3016"},{"taxonomy":"post_tag","embeddable":true,"href":"https:\/\/tps-trauma.org\/index.php\/wp-json\/wp\/v2\/tags?post=3016"}],"curies":[{"name":"wp","href":"https:\/\/api.w.org\/{rel}","templated":true}]}}