{"id":343,"date":"2018-05-28T14:31:55","date_gmt":"2018-05-28T12:31:55","guid":{"rendered":"http:\/\/tps-trauma.org\/?page_id=343"},"modified":"2018-09-25T15:46:24","modified_gmt":"2018-09-25T13:46:24","slug":"nicaragua","status":"publish","type":"post","link":"https:\/\/tps-trauma.org\/index.php\/2018\/05\/28\/nicaragua\/","title":{"rendered":"Nicaragua"},"content":{"rendered":"<p>La coop\u00e9ration avec le Nicaragua a d\u00e9but\u00e9 par une rencontre, en f\u00e9vrier 2009, \u00e0 Montpellier avec le Docteur Zacar\u00edas Duarte Castell\u00f3n, Directeur G\u00e9n\u00e9ral de l\u2019Institut de M\u00e9decine L\u00e9gale du Nicaragua, qui \u00e9tait venu assister aux cours du Dipl\u00f4me Inter-Universitaire de Victimologie.<\/p>\n<p>Int\u00e9ress\u00e9 par\u00a0le module de psychotraumatologie que j\u2019animais alors, il m\u2019a propos\u00e9 de participer au \u00abPrimer Congreso Nacional y Coloquio Internacional de Medicina Legal y Ciensas Forenses\u00bb, \u00e0 Managua, en d\u00e9cembre 2009. \u00ab\u00a0<a href=\"http:\/\/tps-trauma.org\/index.php\/2018\/06\/06\/congres-de-managua-decembre-2009\/\" target=\"_blank\" rel=\"noopener\">CONGRES DE MANAGUA\u00a0\u00bb<\/a>.<\/p>\n<p>Pendant cette p\u00e9riode, le Pr Baccino, Chef du Service de M\u00e9decine L\u00e9gale de Montpellier et moi-m\u00eame avons assur\u00e9 une formation de 5 jours en \u00abPsychotraumatologie et Maltraitance Physique en Violence Sexuelle et Intrafamiliale\u00bb pour les m\u00e9decins l\u00e9gistes et les psychologues de l\u2019Institut de M\u00e9decine L\u00e9gale de Managua. \u00ab\u00a0<a href=\"http:\/\/tps-trauma.org\/index.php\/2018\/06\/06\/decembre-2009-formation-sensibilisation-a-la-psychotraumatologie\/\" target=\"_blank\" rel=\"noopener\">FORMATION EN PSYCHOTRAUMATOLOGIE\u00a0\u00bb<\/a>.<\/p>\n<p>Pour r\u00e9pondre de fa\u00e7on plus ample au besoin de formation en psychotraumalogie pour les m\u00e9decins, psychiatres, l\u00e9gistes et pour les psychologues de l\u2019Institut de M\u00e9decine L\u00e9gale, le Dr Duarte a d\u00e9cid\u00e9 de cr\u00e9er le \u00abPrimer Postgrado Sup\u00e9rior en Psicotraumatologia Forense\u00bb. Sa d\u00e9termination et son \u00e9nergie ont permis la r\u00e9alisation de ce dipl\u00f4me en 2010, avec l\u2019aide de plusieurs instances : l\u2019Universit\u00e9 Catholique UNICA de Managua, la Cour Supr\u00eame de Justice, l\u2019Institut de M\u00e9decine L\u00e9gale, l\u2019Ambassade de France au Nicaragua, l\u2019Agence Espagnole de Coop\u00e9ration Internationale pour le D\u00e9veloppement (AECID). En collaboration avec le Dr Duarte, j&rsquo;ai \u00e9labor\u00e9 le contenu p\u00e9dagogique de ce dipl\u00f4me. <a href=\"http:\/\/tps-trauma.org\/index.php\/2018\/09\/25\/1er-postgrado-superior-en-psicotraumatologia-forense\/\">\u00ab\u00a0PROGRAMME DU DIPL\u00d4ME <span id=\"result_box\" lang=\"fr\"><span title=\"Cliquer ici pour voir d'autres traductions\">SUP\u00c9RIEUR DE 3e CYCLE EN PSYCHOTRAUMATOLOGIE L\u00c9GALE<\/span><\/span><span id=\"result_box\" lang=\"fr\"><\/span>\u00ab\u00a0<\/a><\/p>\n<p>Inaugur\u00e9 le 17 ao\u00fbt 2010, il s\u2019est d\u00e9roul\u00e9 jusqu\u2019en d\u00e9cembre 2010 \u00e0 L\u2019Universit\u00e9 UNICA de Managua pour former une quarantaine d\u2019experts. <a href=\"http:\/\/tps-trauma.org\/index.php\/2018\/06\/06\/1er-postgrado-superior-en-psicotraumatologia-forense-inauguration\/\">\u00ab\u00a0D.U DE PSYCHOTRAUMATOLOGIE L\u00c9GALE &#8211; INAUGURATION\u00a0\u00bb<\/a><\/p>\n<p>Il a comport\u00e9 7 modules d\u2019une semaine : 5 modules de psychotraumatologie dont j\u2019ai assur\u00e9 l\u2019enseignement en ao\u00fbt et octobre\/novembre 2010, un module de droit et un module de m\u00e9decine l\u00e9gale. <a href=\"http:\/\/tps-trauma.org\/index.php\/2018\/06\/06\/postgrado-superior-photos-des-cours\/\">\u00ab\u00a0D.U\u00a0DE PSYCHOTRAUMATOLOGIE L\u00c9GALE &#8211; PHOTOS DES COURS\u00a0\u00bb<\/a><\/p>\n<p>Pendant mon s\u00e9jour j\u2019ai r\u00e9alis\u00e9 une conf\u00e9rence au Minist\u00e8re de la Justice du Nicaragua et une conf\u00e9rence aupr\u00e8s des magistrats de la Cour Supr\u00eame. Avec le Dr Duarte nous allons essayer de r\u00e9pondre \u00e0 la demande de formation des juristes. De plus, il s\u2019av\u00e8re n\u00e9cessaire de former d\u2019autres experts parmi les personnels qui ont un contact professionnel avec les victimes.<\/p>\n<p>La c\u00e9r\u00e9monie de cl\u00f4ture du \u00abPrimer Postgrado Superior en Psicotraumatologia Forense\u00bb, incluant le bilan de la formation a eu lieu \u00e0 Managua en d\u00e9cembre. <a href=\"http:\/\/tps-trauma.org\/index.php\/2018\/09\/25\/postgrado-superior-ceremonie-de-cloture\/\">\u00ab\u00a0C\u00c9R\u00c9MONIE DE CL\u00d4TURE DU DIPL\u00d4ME\u00a0\u00bb<\/a><\/p>\n<p>Une coop\u00e9ration avec le Nicaragua s\u2019est donc mise en place, le temps de former suffisamment d\u2019experts et d\u2019assurer une supervision. Nous avons \u00e9t\u00e9 invit\u00e9 \u00e0 participer au congr\u00e8s de M\u00e9decine L\u00e9gale et Sciences Forensiques qui a eu lieu \u00e0 Managua en d\u00e9cembre 2011. <a href=\"http:\/\/tps-trauma.org\/index.php\/2018\/05\/27\/congres-de-managua-octobre-2011\/\" target=\"_blank\" rel=\"noopener\">CONGRES DE MANAGUA 2011<\/a><\/p>\n<p>Nous souhaitons que la coop\u00e9ration \u00e9tablie avec le Nicaragua puisse continuer avec l\u2019aide de notre association Psycho-Trauma Sans Fronti\u00e8re. Le Dr Zacar\u00edas Duarte Castell\u00f3n, Vice-Pr\u00e9sident de notre association a accept\u00e9 d\u2019en \u00eatre le Coordinateur pour l\u2019Am\u00e9rique Latine.<\/p>\n<p style=\"text-align: right;\"><em>Marie Claude L\u00e9n\u00e8s &#8211; janvier 2012<br \/>\n<\/em><\/p>\n<p>Voici les liens des compte-rendus de toutes nos interventions au Nicaragua&#8230;<\/p>\n<ul class=\"lcp_catlist\" id=\"lcp_instance_0\"><li><a href=\"https:\/\/tps-trauma.org\/index.php\/2018\/06\/06\/congres-de-managua-decembre-2009\/\">2009 &#8211; Congr\u00e8s de Managua<\/a><\/li><li><a href=\"https:\/\/tps-trauma.org\/index.php\/2018\/06\/06\/decembre-2009-formation-sensibilisation-a-la-psychotraumatologie\/\">2009 &#8211; Formation \/ Sensibilisation \u00e0 la Psychotraumatologie<\/a><\/li><li><a href=\"https:\/\/tps-trauma.org\/index.php\/2018\/06\/06\/1er-postgrado-superior-en-psicotraumatologia-forense-inauguration\/\">2010 &#8211; 1er Postgrado Superior &#8211; 1<\/a><\/li><li><a href=\"https:\/\/tps-trauma.org\/index.php\/2018\/09\/25\/1er-postgrado-superior-en-psicotraumatologia-forense\/\">2010 &#8211; 1er Postgrado Superior &#8211; 2<\/a><\/li><li><a href=\"https:\/\/tps-trauma.org\/index.php\/2018\/06\/06\/postgrado-superior-photos-des-cours\/\">2010 &#8211; 1er Postgrado Superior &#8211; 3<\/a><\/li><li><a href=\"https:\/\/tps-trauma.org\/index.php\/2018\/09\/25\/postgrado-superior-ceremonie-de-cloture\/\">2010 &#8211; 1er Postgrado Superior &#8211; 4<\/a><\/li><li><a href=\"https:\/\/tps-trauma.org\/index.php\/2018\/05\/27\/congres-de-managua-octobre-2011\/\">2011 &#8211; Congr\u00e8s de Managua<\/a><\/li><li><a href=\"https:\/\/tps-trauma.org\/index.php\/2018\/06\/07\/1ere-session-medecins-psychologues\/\">2012 &#8211; 1\u00e8re session : M\u00e9decins &#038; Psychologues<\/a><\/li><li><a href=\"https:\/\/tps-trauma.org\/index.php\/2018\/06\/11\/2e-session-juristes\/\">2012 &#8211; 2e Session : Juristes<\/a><\/li><li><a href=\"https:\/\/tps-trauma.org\/index.php\/2018\/06\/11\/3e-session-2e-niveau-du-postgrado-2010\/\">2012 &#8211; 3e session : 2e niveau du Postgrado 2010<\/a><\/li><li><a href=\"https:\/\/tps-trauma.org\/index.php\/2018\/06\/11\/4e-session-juristes\/\">2012 &#8211; 4e session : Juristes<\/a><\/li><li><a href=\"https:\/\/tps-trauma.org\/index.php\/2018\/09\/25\/2012-article-de-presse\/\">2012 &#8211; Article de presse<\/a><\/li><li><a href=\"https:\/\/tps-trauma.org\/index.php\/2018\/06\/11\/reception-a-lambassade-de-france\/\">2012 &#8211; R\u00e9ception \u00e0 l&rsquo;Ambassade de France<\/a><\/li><li><a href=\"https:\/\/tps-trauma.org\/index.php\/2018\/06\/16\/discours-de-la-doctora-yadira-centeno-gonzalez\/\">2013 &#8211; Discours de la Doctora Yadira Centeno Gonz\u00e1lez<\/a><\/li><li><a href=\"https:\/\/tps-trauma.org\/index.php\/2018\/06\/11\/la-loi-779\/\">2013 &#8211; La Loi 779<\/a><\/li><li><a href=\"https:\/\/tps-trauma.org\/index.php\/2018\/06\/11\/formation-de-85-personnes\/\">2013 \/1 &#8211; Formation de 85 personnes<\/a><\/li><li><a href=\"https:\/\/tps-trauma.org\/index.php\/2018\/06\/11\/formation-22-personnes-de-liml\/\">2013 \/2 &#8211; Formation de 22 personnes de l&rsquo;IML<\/a><\/li><li><a href=\"https:\/\/tps-trauma.org\/index.php\/2018\/06\/15\/n-2014\/\">2014 &#8211; Formations au Nicaragua<\/a><\/li><li><a href=\"https:\/\/tps-trauma.org\/index.php\/2018\/06\/16\/n-2014-no-desfallecer-ante-repunte-de-violencia-que-leemos-en-los-medios\/\">2014 &#8211; No desfallecer ante repunte de violencia que leemos en los medios<\/a><\/li><\/ul>\n","protected":false},"excerpt":{"rendered":"<p>La coop\u00e9ration avec le Nicaragua a d\u00e9but\u00e9 par une rencontre, en f\u00e9vrier 2009, \u00e0 Montpellier avec le Docteur Zacar\u00edas Duarte Castell\u00f3n, Directeur G\u00e9n\u00e9ral de l\u2019Institut de M\u00e9decine L\u00e9gale du Nicaragua, qui \u00e9tait venu assister aux cours du Dipl\u00f4me Inter-Universitaire de Victimologie. Int\u00e9ress\u00e9 par\u00a0le module de psychotraumatologie que j\u2019animais alors, il m\u2019a propos\u00e9 de participer au &hellip; <\/p>\n<p class=\"link-more\"><a href=\"https:\/\/tps-trauma.org\/index.php\/2018\/05\/28\/nicaragua\/\" class=\"more-link\">Continuer la lecture<span class=\"screen-reader-text\"> de &laquo;&nbsp;Nicaragua&nbsp;&raquo;<\/span><\/a><\/p>\n","protected":false},"author":1,"featured_media":0,"comment_status":"closed","ping_status":"closed","sticky":false,"template":"","format":"standard","meta":{"_crdt_document":"","_uf_show_specific_survey":0,"_uf_disable_surveys":false,"jetpack_post_was_ever_published":false,"_jetpack_newsletter_access":"","_jetpack_dont_email_post_to_subs":false,"_jetpack_newsletter_tier_id":0,"_jetpack_memberships_contains_paywalled_content":false,"_jetpack_memberships_contains_paid_content":false,"footnotes":"","jetpack_publicize_message":"","jetpack_publicize_feature_enabled":true,"jetpack_social_post_already_shared":false,"jetpack_social_options":{"image_generator_settings":{"template":"highway","default_image_id":0,"font":"","enabled":false},"version":2}},"categories":[5],"tags":[],"class_list":["post-343","post","type-post","status-publish","format-standard","hentry","category-zone-dintervention"],"aioseo_notices":[],"jetpack_publicize_connections":[],"jetpack_featured_media_url":"","jetpack_sharing_enabled":true,"jetpack_shortlink":"https:\/\/wp.me\/pajXwX-5x","jetpack-related-posts":[],"_links":{"self":[{"href":"https:\/\/tps-trauma.org\/index.php\/wp-json\/wp\/v2\/posts\/343","targetHints":{"allow":["GET"]}}],"collection":[{"href":"https:\/\/tps-trauma.org\/index.php\/wp-json\/wp\/v2\/posts"}],"about":[{"href":"https:\/\/tps-trauma.org\/index.php\/wp-json\/wp\/v2\/types\/post"}],"author":[{"embeddable":true,"href":"https:\/\/tps-trauma.org\/index.php\/wp-json\/wp\/v2\/users\/1"}],"replies":[{"embeddable":true,"href":"https:\/\/tps-trauma.org\/index.php\/wp-json\/wp\/v2\/comments?post=343"}],"version-history":[{"count":23,"href":"https:\/\/tps-trauma.org\/index.php\/wp-json\/wp\/v2\/posts\/343\/revisions"}],"predecessor-version":[{"id":1855,"href":"https:\/\/tps-trauma.org\/index.php\/wp-json\/wp\/v2\/posts\/343\/revisions\/1855"}],"wp:attachment":[{"href":"https:\/\/tps-trauma.org\/index.php\/wp-json\/wp\/v2\/media?parent=343"}],"wp:term":[{"taxonomy":"category","embeddable":true,"href":"https:\/\/tps-trauma.org\/index.php\/wp-json\/wp\/v2\/categories?post=343"},{"taxonomy":"post_tag","embeddable":true,"href":"https:\/\/tps-trauma.org\/index.php\/wp-json\/wp\/v2\/tags?post=343"}],"curies":[{"name":"wp","href":"https:\/\/api.w.org\/{rel}","templated":true}]}}