{"id":393,"date":"2018-05-31T19:37:48","date_gmt":"2018-05-31T17:37:48","guid":{"rendered":"http:\/\/tps-trauma.org\/?page_id=393"},"modified":"2018-09-23T17:02:55","modified_gmt":"2018-09-23T15:02:55","slug":"juillet-1999-mission-a-elbassan-et-tirana","status":"publish","type":"post","link":"https:\/\/tps-trauma.org\/index.php\/2018\/05\/31\/juillet-1999-mission-a-elbassan-et-tirana\/","title":{"rendered":"Juillet 1999 &#8211; Mission \u00e0 Elbassan et \u00e0 Tirana"},"content":{"rendered":"<p>Compte rendu d&rsquo;une r\u00e9union au retour de la premi\u00e8re mission pour pr\u00e9voir la construction de deux dispensaires et mettre en place des formations aux soignants.<\/p>\n<p><a href=\"http:\/\/tps-trauma.org\/wp-content\/uploads\/2018\/05\/1999-07-13-CR-R\u00e9union-de-synth\u00e8se-Kosovo-1.pdf\">13 07 1999 &#8211; <\/a><a href=\"http:\/\/tps-trauma.org\/wp-content\/uploads\/2018\/05\/1999-07-13-CR-R\u00e9union-de-synth\u00e8se-Kosovo-1.pdf\">C.R. R\u00e9union de synth\u00e8se Kosovo<\/a><\/p>\n<p>Compte-rendu de la mission du 22 au 29 juillet 1999 \u00e0 la demande du<br \/>\nSERVICE ACTION HUMANITAIRE\u00a0du MINIST\u00c8RE DES AFFAIRES \u00c9TRANG\u00c8RES<\/p>\n<p><a href=\"http:\/\/tps-trauma.org\/wp-content\/uploads\/2018\/05\/1999_07_23-Rapport-de-mission.pdf\">23 07 1999 &#8211; Rapport de mission<\/a><\/p>\n","protected":false},"excerpt":{"rendered":"<p>Compte rendu d&rsquo;une r\u00e9union au retour de la premi\u00e8re mission pour pr\u00e9voir la construction de deux dispensaires et mettre en place des formations aux soignants. 13 07 1999 &#8211; C.R. R\u00e9union de synth\u00e8se Kosovo Compte-rendu de la mission du 22 au 29 juillet 1999 \u00e0 la demande du SERVICE ACTION HUMANITAIRE\u00a0du MINIST\u00c8RE DES AFFAIRES \u00c9TRANG\u00c8RES &hellip; <\/p>\n<p class=\"link-more\"><a href=\"https:\/\/tps-trauma.org\/index.php\/2018\/05\/31\/juillet-1999-mission-a-elbassan-et-tirana\/\" class=\"more-link\">Continuer la lecture<span class=\"screen-reader-text\"> de &laquo;&nbsp;Juillet 1999 &#8211; Mission \u00e0 Elbassan et \u00e0 Tirana&nbsp;&raquo;<\/span><\/a><\/p>\n","protected":false},"author":1,"featured_media":0,"comment_status":"closed","ping_status":"closed","sticky":false,"template":"","format":"standard","meta":{"_crdt_document":"","_uf_show_specific_survey":0,"_uf_disable_surveys":false,"jetpack_post_was_ever_published":false,"_jetpack_newsletter_access":"","_jetpack_dont_email_post_to_subs":false,"_jetpack_newsletter_tier_id":0,"_jetpack_memberships_contains_paywalled_content":false,"_jetpack_memberships_contains_paid_content":false,"footnotes":"","jetpack_publicize_message":"","jetpack_publicize_feature_enabled":true,"jetpack_social_post_already_shared":false,"jetpack_social_options":{"image_generator_settings":{"template":"highway","default_image_id":0,"font":"","enabled":false},"version":2}},"categories":[13],"tags":[],"class_list":["post-393","post","type-post","status-publish","format-standard","hentry","category-zi_albanie"],"aioseo_notices":[],"jetpack_publicize_connections":[],"jetpack_featured_media_url":"","jetpack_sharing_enabled":true,"jetpack_shortlink":"https:\/\/wp.me\/pajXwX-6l","jetpack-related-posts":[],"_links":{"self":[{"href":"https:\/\/tps-trauma.org\/index.php\/wp-json\/wp\/v2\/posts\/393","targetHints":{"allow":["GET"]}}],"collection":[{"href":"https:\/\/tps-trauma.org\/index.php\/wp-json\/wp\/v2\/posts"}],"about":[{"href":"https:\/\/tps-trauma.org\/index.php\/wp-json\/wp\/v2\/types\/post"}],"author":[{"embeddable":true,"href":"https:\/\/tps-trauma.org\/index.php\/wp-json\/wp\/v2\/users\/1"}],"replies":[{"embeddable":true,"href":"https:\/\/tps-trauma.org\/index.php\/wp-json\/wp\/v2\/comments?post=393"}],"version-history":[{"count":7,"href":"https:\/\/tps-trauma.org\/index.php\/wp-json\/wp\/v2\/posts\/393\/revisions"}],"predecessor-version":[{"id":1429,"href":"https:\/\/tps-trauma.org\/index.php\/wp-json\/wp\/v2\/posts\/393\/revisions\/1429"}],"wp:attachment":[{"href":"https:\/\/tps-trauma.org\/index.php\/wp-json\/wp\/v2\/media?parent=393"}],"wp:term":[{"taxonomy":"category","embeddable":true,"href":"https:\/\/tps-trauma.org\/index.php\/wp-json\/wp\/v2\/categories?post=393"},{"taxonomy":"post_tag","embeddable":true,"href":"https:\/\/tps-trauma.org\/index.php\/wp-json\/wp\/v2\/tags?post=393"}],"curies":[{"name":"wp","href":"https:\/\/api.w.org\/{rel}","templated":true}]}}